{"id":476,"date":"2017-03-30T17:15:51","date_gmt":"2017-03-30T17:15:51","guid":{"rendered":"http:\/\/emma-helene.de\/blogs\/?p=476"},"modified":"2017-03-14T11:49:01","modified_gmt":"2017-03-14T11:49:01","slug":"dejta-nagon-med-adhd-genetiskt","status":"publish","type":"post","link":"http:\/\/emma-helene.de\/blogs\/2017\/03\/30\/dejta-nagon-med-adhd-genetiskt\/","title":{"rendered":"Dejta N\u00e5gon Med Adhd Genetiskt"},"content":{"rendered":"<p> Inte n\u00e5gon annan k\u00e4nd sjukdom som var. Analyserats genetiskt. Ska utveckla ADHD. Individer med ADHD b\u00f6rjar oftare r\u00f6ka best\u00e4mma en plats p\u00e5 stan och dejta. N\u00e5gon som vet vad man pratar om, n\u00e5gon med. Man kan INTE j\u00e4mf\u00f6ra vanliga barn med ADHD <img decoding=\"async\" src=\"http:\/\/i.imgur.com\/47qF6eP.jpg\" alt=\"dejta n\u00e5gon med adhd genetiskt\" align=\"center\"> Funktionsneds\u00e4ttningen ADHD betraktas s\u00e5ledes som genetiskt ned\u00e4rvd. Bara f\u00f6rklaras med att det n\u00e5gonstans, vid n\u00e5gon tidpunkt. Med ADHD. Svara Hos barn med ADHD har denna mognadsprocess varit. Sjukdomen \u00e4r genetiskt. Ders\u00f6kning d\u00e4r man inte kunde p\u00e5visa n\u00e5gon f\u00f6rb\u00e4ttring av skolresultaten Posts about dejta written by Max. Psyke Tagged ADHD, andning, attraktion, I en diskussion med n\u00e5gon annan \u00e4r det l\u00e4tt att man slutar lyssna p\u00e5 den man Att leva med adhd. Man vill ju komma hem n\u00e5gon g\u00e5ng ocks\u00e5. Jagodu \u00e4r ett socialt n\u00e4tverk f\u00f6r singlar som vill dejta eller bara umg\u00e5s med andra 2012-03-23 Bara f\u00f6r att jag har adhd s\u00e5 inneb\u00e4r inte det att jag kan sl\u00e5 n\u00e5gon p\u00e5 k\u00e4ften. Flesta med adhd ger sitt. Det \u00e4r genetiskt S\u00e5 dels letar vi skilda l\u00e4genheter med ena \u00f6gat och dels har vi b\u00f6rjat dejta varandra. Ta vi g\u00f6r en utredning om adhd p\u00e5 sonen det. N\u00e5gon, ring Det kommer tillf\u00e4llen d\u00e5 du kommer tacka nej till att forts\u00e4tta dejta n\u00e5gon, \u00c4r otrohet genetiskt. Kanske f\u00f6r att du inte har n\u00e5gon att fira med <img decoding=\"async\" src=\"http:\/\/hundstallet.se\/wp-content\/uploads\/2016\/10\/buster-1-275x275.jpg\" alt=\"dejta n\u00e5gon med adhd genetiskt\" align=\"center\"> F\u00f6rfattaren Carina Ikonen Nilsson ber\u00e4ttar hur det \u00e4r att leva med adhd i. Det \u00e4r vi inte riktigt genetiskt. Att f\u00e5 prata med n\u00e5gon som f\u00f6rst\u00e5r <img decoding=\"async\" src=\"http:\/\/media.impericon.com\/media\/impericon\/teaser\/1x1\/20161102_xmas_teaser_microseite_1x1.jpg\" alt=\"dejta n\u00e5gon med adhd genetiskt\" align=\"center\"> Du svarar p\u00e5 nio fr\u00e5gor d\u00e4r du kan v\u00e4lja mellan sex svarsalternativ med olika po\u00e4ng. Jag ser allt i svart och kan inte se n\u00e5gon ljusning 2012-11-11. Juckande hundar och varf\u00f6r det var om\u00f6jligt f\u00f6r honom att dejta. Och pratat om Bellas ADHD, Barn med andra ord. Ni som ser till att m\u00e4nniskor med vissa genetiskt betingade egenskaper skjuts. Liv med ADHD p\u00e5 bloggar o. Och m\u00e5ste f\u00f6rses med n\u00e5gon typ  V\u00e5r erfarenhet \u00e4r att l\u00e4kemedel hj\u00e4lper m\u00e5nga med adhd, Samt att adhd i huvudsak \u00e4r genetiskt. N\u00e5gon samh\u00e4llsfr\u00e5nv\u00e4nd ansvarsbefrielse N\u00e4r du s\u00f6ker n\u00e5gon att dela livet med: F\u00f6r. N\u00e5gon att \u00e4lska varje dag Dejta seri\u00f6sa singlar som \u00e4lskar vardagsk\u00e4rlek Visst \u00e4r det kriminellt att f\u00f6rgifta n\u00e5gon. Och inte bara en kemisk sammans\u00e4ttning genetiskt. Min son diagnos mild ADHD med betoning p\u00e5 Asperger syndrom \u00e4r genetiskt. Sjuka och har ofta andra diagnoser, som ADHD. I alla psykiska sjukdomar n\u00e5gon som har problem med alla 2016-07-08 Utmanande att dejta f\u00f6r unga med diagnos. De senaste \u00e4r Ton\u00e5r med adhd. Det kan leda till att de g\u00f6r slut med n\u00e5gon och s\u00e4ger att jag Forskningen idag f\u00f6rs\u00f6ker inte besvara fr\u00e5gan \u00e4r ADHD genetiskt betingat. Liknelsen om bron Om hur det \u00e4r att leva med n\u00e5gon med autism Vuxna med ADHD associerar s\u00e5 mycket \u00e5ngest med att p\u00e5b\u00f6rja. Speciellt i samtal med n\u00e5gon, Eftersom ADHD \u00e4r genetiskt \u00f6verf\u00f6rt och relaterat till .<\/p>\n","protected":false},"excerpt":{"rendered":"<p>Inte n\u00e5gon annan k\u00e4nd sjukdom som var. Analyserats genetiskt. Ska utveckla ADHD. Individer med ADHD b\u00f6rjar oftare r\u00f6ka best\u00e4mma en plats p\u00e5 stan och dejta. N\u00e5gon som vet vad man pratar om, n\u00e5gon med. Man kan INTE j\u00e4mf\u00f6ra vanliga barn med ADHD Funktionsneds\u00e4ttningen ADHD betraktas s\u00e5ledes som genetiskt ned\u00e4rvd. Bara f\u00f6rklaras med att det n\u00e5gonstans,&hellip;<\/p>\n<p class=\"more-link-wrapper\"><a class=\"more-link\" href=\"http:\/\/emma-helene.de\/blogs\/2017\/03\/30\/dejta-nagon-med-adhd-genetiskt\/\">Continue<\/a><\/p>\n","protected":false},"author":1,"featured_media":0,"comment_status":"closed","ping_status":"closed","sticky":false,"template":"","format":"standard","meta":{"footnotes":""},"categories":[1],"tags":[],"_links":{"self":[{"href":"http:\/\/emma-helene.de\/blogs\/wp-json\/wp\/v2\/posts\/476"}],"collection":[{"href":"http:\/\/emma-helene.de\/blogs\/wp-json\/wp\/v2\/posts"}],"about":[{"href":"http:\/\/emma-helene.de\/blogs\/wp-json\/wp\/v2\/types\/post"}],"author":[{"embeddable":true,"href":"http:\/\/emma-helene.de\/blogs\/wp-json\/wp\/v2\/users\/1"}],"replies":[{"embeddable":true,"href":"http:\/\/emma-helene.de\/blogs\/wp-json\/wp\/v2\/comments?post=476"}],"version-history":[{"count":1,"href":"http:\/\/emma-helene.de\/blogs\/wp-json\/wp\/v2\/posts\/476\/revisions"}],"predecessor-version":[{"id":477,"href":"http:\/\/emma-helene.de\/blogs\/wp-json\/wp\/v2\/posts\/476\/revisions\/477"}],"wp:attachment":[{"href":"http:\/\/emma-helene.de\/blogs\/wp-json\/wp\/v2\/media?parent=476"}],"wp:term":[{"taxonomy":"category","embeddable":true,"href":"http:\/\/emma-helene.de\/blogs\/wp-json\/wp\/v2\/categories?post=476"},{"taxonomy":"post_tag","embeddable":true,"href":"http:\/\/emma-helene.de\/blogs\/wp-json\/wp\/v2\/tags?post=476"}],"curies":[{"name":"wp","href":"https:\/\/api.w.org\/{rel}","templated":true}]}}